{"id":6283,"date":"2012-08-24T13:44:10","date_gmt":"2012-08-24T11:44:10","guid":{"rendered":"http:\/\/www.mg-projects.at\/crossmedia\/?p=6283"},"modified":"2017-05-19T14:46:36","modified_gmt":"2017-05-19T12:46:36","slug":"sommerfrische","status":"publish","type":"post","link":"https:\/\/www.mg-projects.at\/crossmedia\/fotografie\/sommerfrische\/","title":{"rendered":"Sommerfrische in der H\u00e4ngematte"},"content":{"rendered":"<p>Sommerfrische im eigenen Garten? Der Sommer l\u00e4sst sich auch zuhause genie\u00dfen, ganz besonders, wenn man in K\u00e4rnten daheim ist. Und eigentlich lassen sich die richtig hei\u00dfen Tage im k\u00fchlen Schatten des Kirschbaumes viel angenehmer verbringen, als in \u00fcberf\u00fcllten und lauten Strandb\u00e4dern. Vielleicht nicht die erste Wahl von Kindern, aber f\u00fcr ein Family Photo Shooting eine tolle Location.<\/p>\n<p><a href=\"https:\/\/www.mg-projects.at\/crossmedia\/wp-content\/uploads\/2012\/08\/Kids_cmgp_iPad-HD_001-2.jpg\"><img decoding=\"async\" class=\"alignnone size-full wp-image-6526\" alt=\"Kids_(c)mgp_[fusion_builder_container hundred_percent=\"yes\" overflow=\"visible\"][fusion_builder_row][fusion_builder_column type=\"1_1\" background_position=\"left top\" background_color=\"\" border_size=\"\" border_color=\"\" border_style=\"solid\" spacing=\"yes\" background_image=\"\" background_repeat=\"no-repeat\" padding=\"\" margin_top=\"0px\" margin_bottom=\"0px\" class=\"\" id=\"\" animation_type=\"\" animation_speed=\"0.3\" animation_direction=\"left\" hide_on_mobile=\"no\" center_content=\"no\" min_height=\"none\"][iPad-HD]_001-2\" src=\"https:\/\/www.mg-projects.at\/crossmedia\/wp-content\/uploads\/2012\/08\/Kids_cmgp_iPad-HD_001-2.jpg\" width=\"840\" height=\"560\" srcset=\"https:\/\/www.mg-projects.at\/crossmedia\/wp-content\/uploads\/2012\/08\/Kids_cmgp_iPad-HD_001-2-200x133.jpg 200w, https:\/\/www.mg-projects.at\/crossmedia\/wp-content\/uploads\/2012\/08\/Kids_cmgp_iPad-HD_001-2-400x267.jpg 400w, https:\/\/www.mg-projects.at\/crossmedia\/wp-content\/uploads\/2012\/08\/Kids_cmgp_iPad-HD_001-2-600x400.jpg 600w, https:\/\/www.mg-projects.at\/crossmedia\/wp-content\/uploads\/2012\/08\/Kids_cmgp_iPad-HD_001-2-768x512.jpg 768w, https:\/\/www.mg-projects.at\/crossmedia\/wp-content\/uploads\/2012\/08\/Kids_cmgp_iPad-HD_001-2-800x533.jpg 800w, https:\/\/www.mg-projects.at\/crossmedia\/wp-content\/uploads\/2012\/08\/Kids_cmgp_iPad-HD_001-2.jpg 840w\" sizes=\"(max-width: 840px) 100vw, 840px\" \/><\/a><\/p>\n<p><a href=\"https:\/\/www.mg-projects.at\/crossmedia\/wp-content\/uploads\/2012\/08\/Kids_cmgp_iPad-HD_001-3.jpg\"><img decoding=\"async\" class=\"alignnone size-full wp-image-6528\" alt=\"Kids_(c)mgp_[iPad-HD]_001-3\" src=\"https:\/\/www.mg-projects.at\/crossmedia\/wp-content\/uploads\/2012\/08\/Kids_cmgp_iPad-HD_001-3.jpg\" width=\"840\" height=\"560\" srcset=\"https:\/\/www.mg-projects.at\/crossmedia\/wp-content\/uploads\/2012\/08\/Kids_cmgp_iPad-HD_001-3-200x133.jpg 200w, https:\/\/www.mg-projects.at\/crossmedia\/wp-content\/uploads\/2012\/08\/Kids_cmgp_iPad-HD_001-3-400x267.jpg 400w, https:\/\/www.mg-projects.at\/crossmedia\/wp-content\/uploads\/2012\/08\/Kids_cmgp_iPad-HD_001-3-600x400.jpg 600w, https:\/\/www.mg-projects.at\/crossmedia\/wp-content\/uploads\/2012\/08\/Kids_cmgp_iPad-HD_001-3-768x512.jpg 768w, https:\/\/www.mg-projects.at\/crossmedia\/wp-content\/uploads\/2012\/08\/Kids_cmgp_iPad-HD_001-3-800x533.jpg 800w, https:\/\/www.mg-projects.at\/crossmedia\/wp-content\/uploads\/2012\/08\/Kids_cmgp_iPad-HD_001-3.jpg 840w\" sizes=\"(max-width: 840px) 100vw, 840px\" \/><\/a><\/p>\n<p>&nbsp;[\/fusion_builder_column][\/fusion_builder_row][\/fusion_builder_container]<\/p>\n","protected":false},"excerpt":{"rendered":"<p>Sommerfrische im eigenen Garten? Der Sommer l\u00e4sst sich auch zuhause genie\u00dfen, ganz besonders, wenn man in K\u00e4rnten daheim ist. Und eigentlich lassen sich die richtig hei\u00dfen Tage im k\u00fchlen Schatten des Kirschbaumes viel angenehmer verbringen, als in \u00fcberf\u00fcllten und lauten Strandb\u00e4dern. Vielleicht nicht die erste Wahl von Kindern, aber f\u00fcr ein Family Photo Shooting eine <a href=\"https:\/\/www.mg-projects.at\/crossmedia\/fotografie\/sommerfrische\/\"> [&#8230;]<\/a><\/p>\n","protected":false},"author":1,"featured_media":6525,"comment_status":"closed","ping_status":"closed","sticky":false,"template":"","format":"standard","meta":{"footnotes":""},"categories":[6],"tags":[35,15,16],"class_list":["post-6283","post","type-post","status-publish","format-standard","has-post-thumbnail","hentry","category-fotografie","tag-familie","tag-lifestyle","tag-portrait"],"_links":{"self":[{"href":"https:\/\/www.mg-projects.at\/crossmedia\/wp-json\/wp\/v2\/posts\/6283","targetHints":{"allow":["GET"]}}],"collection":[{"href":"https:\/\/www.mg-projects.at\/crossmedia\/wp-json\/wp\/v2\/posts"}],"about":[{"href":"https:\/\/www.mg-projects.at\/crossmedia\/wp-json\/wp\/v2\/types\/post"}],"author":[{"embeddable":true,"href":"https:\/\/www.mg-projects.at\/crossmedia\/wp-json\/wp\/v2\/users\/1"}],"replies":[{"embeddable":true,"href":"https:\/\/www.mg-projects.at\/crossmedia\/wp-json\/wp\/v2\/comments?post=6283"}],"version-history":[{"count":6,"href":"https:\/\/www.mg-projects.at\/crossmedia\/wp-json\/wp\/v2\/posts\/6283\/revisions"}],"predecessor-version":[{"id":7613,"href":"https:\/\/www.mg-projects.at\/crossmedia\/wp-json\/wp\/v2\/posts\/6283\/revisions\/7613"}],"wp:featuredmedia":[{"embeddable":true,"href":"https:\/\/www.mg-projects.at\/crossmedia\/wp-json\/wp\/v2\/media\/6525"}],"wp:attachment":[{"href":"https:\/\/www.mg-projects.at\/crossmedia\/wp-json\/wp\/v2\/media?parent=6283"}],"wp:term":[{"taxonomy":"category","embeddable":true,"href":"https:\/\/www.mg-projects.at\/crossmedia\/wp-json\/wp\/v2\/categories?post=6283"},{"taxonomy":"post_tag","embeddable":true,"href":"https:\/\/www.mg-projects.at\/crossmedia\/wp-json\/wp\/v2\/tags?post=6283"}],"curies":[{"name":"wp","href":"https:\/\/api.w.org\/{rel}","templated":true}]}}