{"id":6303,"date":"2009-03-09T14:22:45","date_gmt":"2009-03-09T13:22:45","guid":{"rendered":"http:\/\/www.mg-projects.at\/crossmedia\/?p=6303"},"modified":"2017-05-19T14:46:38","modified_gmt":"2017-05-19T12:46:38","slug":"winterwunderland","status":"publish","type":"post","link":"https:\/\/www.mg-projects.at\/crossmedia\/fotografie\/winterwunderland\/","title":{"rendered":"Winterwunderland"},"content":{"rendered":"<p>Anfang M\u00e4rz 2009. Im Tal schickt der Fr\u00fchling seine ersten Vorboten ins Land. Der Villacher Hausberg Dobratsch pr\u00e4sentiert sich aber als Winterwunderland mit beeindruckenden Schneemengen von wahrscheinlich mehr als 3 Metern. Schon die Auffahrt \u00fcber die Alpenstra\u00dfe ist dieser Tage ein Erlebnis.<\/p>\n<p>Mehr als 40 Jahre soll es her sein, dass es am Dobratsch derart viel Schnee gab. Bei der Auffahrt \u00fcber die Alpenstra\u00dfe ist man zwischen Schneew\u00e4nden von mehr als 2,5 Metern unterwegs. Schon ein beeindruckender Anblick. Auch der Ausblick vom 2.166 m hohen Dobratsch ist nicht von schlechten Eltern. \u00dcber Villach und den Ossiacher See sieht man bis zur Saualpe, im S\u00fcden blickt man auf das beeindruckende Massiv der Julischen Alpen.<\/p>\n<p><a href=\"https:\/\/www.mg-projects.at\/crossmedia\/wp-content\/uploads\/2009\/03\/090307_Dobratsch_cmgp_iPad-HD_001-2.jpg\"><img decoding=\"async\" class=\"alignnone size-full wp-image-6575\" alt=\"090307_Dobratsch_(c)mgp_[fusion_builder_container hundred_percent=\"yes\" overflow=\"visible\"][fusion_builder_row][fusion_builder_column type=\"1_1\" background_position=\"left top\" background_color=\"\" border_size=\"\" border_color=\"\" border_style=\"solid\" spacing=\"yes\" background_image=\"\" background_repeat=\"no-repeat\" padding=\"\" margin_top=\"0px\" margin_bottom=\"0px\" class=\"\" id=\"\" animation_type=\"\" animation_speed=\"0.3\" animation_direction=\"left\" hide_on_mobile=\"no\" center_content=\"no\" min_height=\"none\"][iPad-HD]_001-2\" src=\"https:\/\/www.mg-projects.at\/crossmedia\/wp-content\/uploads\/2009\/03\/090307_Dobratsch_cmgp_iPad-HD_001-2.jpg\" width=\"840\" height=\"560\" srcset=\"https:\/\/www.mg-projects.at\/crossmedia\/wp-content\/uploads\/2009\/03\/090307_Dobratsch_cmgp_iPad-HD_001-2-200x133.jpg 200w, https:\/\/www.mg-projects.at\/crossmedia\/wp-content\/uploads\/2009\/03\/090307_Dobratsch_cmgp_iPad-HD_001-2-400x267.jpg 400w, https:\/\/www.mg-projects.at\/crossmedia\/wp-content\/uploads\/2009\/03\/090307_Dobratsch_cmgp_iPad-HD_001-2-600x400.jpg 600w, https:\/\/www.mg-projects.at\/crossmedia\/wp-content\/uploads\/2009\/03\/090307_Dobratsch_cmgp_iPad-HD_001-2-768x512.jpg 768w, https:\/\/www.mg-projects.at\/crossmedia\/wp-content\/uploads\/2009\/03\/090307_Dobratsch_cmgp_iPad-HD_001-2-800x533.jpg 800w, https:\/\/www.mg-projects.at\/crossmedia\/wp-content\/uploads\/2009\/03\/090307_Dobratsch_cmgp_iPad-HD_001-2.jpg 840w\" sizes=\"(max-width: 840px) 100vw, 840px\" \/><\/a><\/p>\n<p><a href=\"https:\/\/www.mg-projects.at\/crossmedia\/wp-content\/uploads\/2009\/03\/090307_Dobratsch_cmgp_iPad-HD_001-3.jpg\"><img decoding=\"async\" class=\"alignnone size-full wp-image-6577\" alt=\"090307_Dobratsch_(c)mgp_[iPad-HD]_001-3\" src=\"https:\/\/www.mg-projects.at\/crossmedia\/wp-content\/uploads\/2009\/03\/090307_Dobratsch_cmgp_iPad-HD_001-3.jpg\" width=\"840\" height=\"560\" srcset=\"https:\/\/www.mg-projects.at\/crossmedia\/wp-content\/uploads\/2009\/03\/090307_Dobratsch_cmgp_iPad-HD_001-3-200x133.jpg 200w, https:\/\/www.mg-projects.at\/crossmedia\/wp-content\/uploads\/2009\/03\/090307_Dobratsch_cmgp_iPad-HD_001-3-400x267.jpg 400w, https:\/\/www.mg-projects.at\/crossmedia\/wp-content\/uploads\/2009\/03\/090307_Dobratsch_cmgp_iPad-HD_001-3-600x400.jpg 600w, https:\/\/www.mg-projects.at\/crossmedia\/wp-content\/uploads\/2009\/03\/090307_Dobratsch_cmgp_iPad-HD_001-3-768x512.jpg 768w, https:\/\/www.mg-projects.at\/crossmedia\/wp-content\/uploads\/2009\/03\/090307_Dobratsch_cmgp_iPad-HD_001-3-800x533.jpg 800w, https:\/\/www.mg-projects.at\/crossmedia\/wp-content\/uploads\/2009\/03\/090307_Dobratsch_cmgp_iPad-HD_001-3.jpg 840w\" sizes=\"(max-width: 840px) 100vw, 840px\" \/><\/a><\/p>\n<p><a href=\"https:\/\/www.mg-projects.at\/crossmedia\/wp-content\/uploads\/2009\/03\/090307_Dobratsch_cmgp_iPad-HD_001-4.jpg\"><img decoding=\"async\" class=\"alignnone size-full wp-image-6578\" alt=\"090307_Dobratsch_(c)mgp_[iPad-HD]_001-4\" src=\"https:\/\/www.mg-projects.at\/crossmedia\/wp-content\/uploads\/2009\/03\/090307_Dobratsch_cmgp_iPad-HD_001-4.jpg\" width=\"840\" height=\"560\" srcset=\"https:\/\/www.mg-projects.at\/crossmedia\/wp-content\/uploads\/2009\/03\/090307_Dobratsch_cmgp_iPad-HD_001-4-200x133.jpg 200w, https:\/\/www.mg-projects.at\/crossmedia\/wp-content\/uploads\/2009\/03\/090307_Dobratsch_cmgp_iPad-HD_001-4-400x267.jpg 400w, https:\/\/www.mg-projects.at\/crossmedia\/wp-content\/uploads\/2009\/03\/090307_Dobratsch_cmgp_iPad-HD_001-4-600x400.jpg 600w, https:\/\/www.mg-projects.at\/crossmedia\/wp-content\/uploads\/2009\/03\/090307_Dobratsch_cmgp_iPad-HD_001-4-768x512.jpg 768w, https:\/\/www.mg-projects.at\/crossmedia\/wp-content\/uploads\/2009\/03\/090307_Dobratsch_cmgp_iPad-HD_001-4-800x533.jpg 800w, https:\/\/www.mg-projects.at\/crossmedia\/wp-content\/uploads\/2009\/03\/090307_Dobratsch_cmgp_iPad-HD_001-4.jpg 840w\" sizes=\"(max-width: 840px) 100vw, 840px\" \/><\/a>[\/fusion_builder_column][\/fusion_builder_row][\/fusion_builder_container]<\/p>\n","protected":false},"excerpt":{"rendered":"<p>Anfang M\u00e4rz 2009. Im Tal schickt der Fr\u00fchling seine ersten Vorboten ins Land. Der Villacher Hausberg Dobratsch pr\u00e4sentiert sich aber als Winterwunderland mit beeindruckenden Schneemengen von wahrscheinlich mehr als 3 Metern. Schon die Auffahrt \u00fcber die Alpenstra\u00dfe ist dieser Tage ein Erlebnis. Mehr als 40 Jahre soll es her sein, dass es am Dobratsch derart <a href=\"https:\/\/www.mg-projects.at\/crossmedia\/fotografie\/winterwunderland\/\"> [&#8230;]<\/a><\/p>\n","protected":false},"author":1,"featured_media":6574,"comment_status":"closed","ping_status":"closed","sticky":false,"template":"","format":"standard","meta":{"footnotes":""},"categories":[6],"tags":[17],"class_list":["post-6303","post","type-post","status-publish","format-standard","has-post-thumbnail","hentry","category-fotografie","tag-landschaft"],"_links":{"self":[{"href":"https:\/\/www.mg-projects.at\/crossmedia\/wp-json\/wp\/v2\/posts\/6303","targetHints":{"allow":["GET"]}}],"collection":[{"href":"https:\/\/www.mg-projects.at\/crossmedia\/wp-json\/wp\/v2\/posts"}],"about":[{"href":"https:\/\/www.mg-projects.at\/crossmedia\/wp-json\/wp\/v2\/types\/post"}],"author":[{"embeddable":true,"href":"https:\/\/www.mg-projects.at\/crossmedia\/wp-json\/wp\/v2\/users\/1"}],"replies":[{"embeddable":true,"href":"https:\/\/www.mg-projects.at\/crossmedia\/wp-json\/wp\/v2\/comments?post=6303"}],"version-history":[{"count":4,"href":"https:\/\/www.mg-projects.at\/crossmedia\/wp-json\/wp\/v2\/posts\/6303\/revisions"}],"predecessor-version":[{"id":7624,"href":"https:\/\/www.mg-projects.at\/crossmedia\/wp-json\/wp\/v2\/posts\/6303\/revisions\/7624"}],"wp:featuredmedia":[{"embeddable":true,"href":"https:\/\/www.mg-projects.at\/crossmedia\/wp-json\/wp\/v2\/media\/6574"}],"wp:attachment":[{"href":"https:\/\/www.mg-projects.at\/crossmedia\/wp-json\/wp\/v2\/media?parent=6303"}],"wp:term":[{"taxonomy":"category","embeddable":true,"href":"https:\/\/www.mg-projects.at\/crossmedia\/wp-json\/wp\/v2\/categories?post=6303"},{"taxonomy":"post_tag","embeddable":true,"href":"https:\/\/www.mg-projects.at\/crossmedia\/wp-json\/wp\/v2\/tags?post=6303"}],"curies":[{"name":"wp","href":"https:\/\/api.w.org\/{rel}","templated":true}]}}