{"id":6985,"date":"2013-08-10T19:48:40","date_gmt":"2013-08-10T17:48:40","guid":{"rendered":"http:\/\/www.mg-projects.at\/crossmedia\/?p=6985"},"modified":"2017-05-19T14:46:36","modified_gmt":"2017-05-19T12:46:36","slug":"strassenfest","status":"publish","type":"post","link":"https:\/\/www.mg-projects.at\/crossmedia\/fotografie\/strassenfest\/","title":{"rendered":"Stra\u00dfenfest"},"content":{"rendered":"<p>Ein Stra\u00dfenfest. Das sollte es viel \u00f6fter geben. Ein paar Bierb\u00e4nke, ein paar gut gek\u00fchlte Getr\u00e4nke, gute Musik und ganz viel nette Leute. Mehr braucht es gar nicht, und wenn dann auch noch das Wetter mitspielt, wird aus einem lauen Sommerabend ein wunderbares Fest. Wo so etwas funktioniert? Im Villacher Stadtteil Lind organisieren Armin und Miriam Theme\u00dfl von der <a title=\"Arbeitsgemeinschaft Erneuerbare Energie\" href=\"https:\/\/www.aee.or.at\/\" target=\"_blank\">ARGE Erneuerbare Energie<\/a> allj\u00e4hrlich das Stra\u00dfenfest am Unteren Heidenweg.<\/p>\n<p><a href=\"https:\/\/www.mg-projects.at\/crossmedia\/wp-content\/uploads\/2013\/08\/2013-08-09-Stra\u00dfenfest-mit-Matatu_cmgp_iPad-HD_001-2.jpg\"><img decoding=\"async\" class=\"alignnone size-full wp-image-6992\" alt=\"2013-08-09 Stra\u00dfenfest mit Matatu_(c)mgp_[fusion_builder_container hundred_percent=\"yes\" overflow=\"visible\"][fusion_builder_row][fusion_builder_column type=\"1_1\" background_position=\"left top\" background_color=\"\" border_size=\"\" border_color=\"\" border_style=\"solid\" spacing=\"yes\" background_image=\"\" background_repeat=\"no-repeat\" padding=\"\" margin_top=\"0px\" margin_bottom=\"0px\" class=\"\" id=\"\" animation_type=\"\" animation_speed=\"0.3\" animation_direction=\"left\" hide_on_mobile=\"no\" center_content=\"no\" min_height=\"none\"][iPad-HD]_001-2\" src=\"https:\/\/www.mg-projects.at\/crossmedia\/wp-content\/uploads\/2013\/08\/2013-08-09-Stra\u00dfenfest-mit-Matatu_cmgp_iPad-HD_001-2.jpg\" width=\"840\" height=\"1260\" srcset=\"https:\/\/www.mg-projects.at\/crossmedia\/wp-content\/uploads\/2013\/08\/2013-08-09-Stra\u00dfenfest-mit-Matatu_cmgp_iPad-HD_001-2-200x300.jpg 200w, https:\/\/www.mg-projects.at\/crossmedia\/wp-content\/uploads\/2013\/08\/2013-08-09-Stra\u00dfenfest-mit-Matatu_cmgp_iPad-HD_001-2-400x600.jpg 400w, https:\/\/www.mg-projects.at\/crossmedia\/wp-content\/uploads\/2013\/08\/2013-08-09-Stra\u00dfenfest-mit-Matatu_cmgp_iPad-HD_001-2-600x900.jpg 600w, https:\/\/www.mg-projects.at\/crossmedia\/wp-content\/uploads\/2013\/08\/2013-08-09-Stra\u00dfenfest-mit-Matatu_cmgp_iPad-HD_001-2-768x1152.jpg 768w, https:\/\/www.mg-projects.at\/crossmedia\/wp-content\/uploads\/2013\/08\/2013-08-09-Stra\u00dfenfest-mit-Matatu_cmgp_iPad-HD_001-2.jpg 840w\" sizes=\"(max-width: 840px) 100vw, 840px\" \/><\/a><\/p>\n<p><a href=\"https:\/\/www.mg-projects.at\/crossmedia\/wp-content\/uploads\/2013\/08\/2013-08-09-Stra\u00dfenfest-mit-Matatu_cmgp_iPad-HD_001-3.jpg\"><img decoding=\"async\" class=\"alignnone size-full wp-image-6993\" alt=\"2013-08-09 Stra\u00dfenfest mit Matatu_(c)mgp_[iPad-HD]_001-3\" src=\"https:\/\/www.mg-projects.at\/crossmedia\/wp-content\/uploads\/2013\/08\/2013-08-09-Stra\u00dfenfest-mit-Matatu_cmgp_iPad-HD_001-3.jpg\" width=\"850\" height=\"567\" srcset=\"https:\/\/www.mg-projects.at\/crossmedia\/wp-content\/uploads\/2013\/08\/2013-08-09-Stra\u00dfenfest-mit-Matatu_cmgp_iPad-HD_001-3-200x133.jpg 200w, https:\/\/www.mg-projects.at\/crossmedia\/wp-content\/uploads\/2013\/08\/2013-08-09-Stra\u00dfenfest-mit-Matatu_cmgp_iPad-HD_001-3-400x267.jpg 400w, https:\/\/www.mg-projects.at\/crossmedia\/wp-content\/uploads\/2013\/08\/2013-08-09-Stra\u00dfenfest-mit-Matatu_cmgp_iPad-HD_001-3-600x400.jpg 600w, https:\/\/www.mg-projects.at\/crossmedia\/wp-content\/uploads\/2013\/08\/2013-08-09-Stra\u00dfenfest-mit-Matatu_cmgp_iPad-HD_001-3-768x512.jpg 768w, https:\/\/www.mg-projects.at\/crossmedia\/wp-content\/uploads\/2013\/08\/2013-08-09-Stra\u00dfenfest-mit-Matatu_cmgp_iPad-HD_001-3-800x534.jpg 800w, https:\/\/www.mg-projects.at\/crossmedia\/wp-content\/uploads\/2013\/08\/2013-08-09-Stra\u00dfenfest-mit-Matatu_cmgp_iPad-HD_001-3.jpg 850w\" sizes=\"(max-width: 850px) 100vw, 850px\" \/><\/a><\/p>\n<p><a href=\"https:\/\/www.mg-projects.at\/crossmedia\/wp-content\/uploads\/2013\/08\/2013-08-09-Stra\u00dfenfest-mit-Matatu_cmgp_iPad-HD_001-4.jpg\"><img decoding=\"async\" class=\"alignnone size-full wp-image-6995\" alt=\"2013-08-09 Stra\u00dfenfest mit Matatu_(c)mgp_[iPad-HD]_001-4\" src=\"https:\/\/www.mg-projects.at\/crossmedia\/wp-content\/uploads\/2013\/08\/2013-08-09-Stra\u00dfenfest-mit-Matatu_cmgp_iPad-HD_001-4.jpg\" width=\"850\" height=\"567\" srcset=\"https:\/\/www.mg-projects.at\/crossmedia\/wp-content\/uploads\/2013\/08\/2013-08-09-Stra\u00dfenfest-mit-Matatu_cmgp_iPad-HD_001-4-200x133.jpg 200w, https:\/\/www.mg-projects.at\/crossmedia\/wp-content\/uploads\/2013\/08\/2013-08-09-Stra\u00dfenfest-mit-Matatu_cmgp_iPad-HD_001-4-400x267.jpg 400w, https:\/\/www.mg-projects.at\/crossmedia\/wp-content\/uploads\/2013\/08\/2013-08-09-Stra\u00dfenfest-mit-Matatu_cmgp_iPad-HD_001-4-600x400.jpg 600w, https:\/\/www.mg-projects.at\/crossmedia\/wp-content\/uploads\/2013\/08\/2013-08-09-Stra\u00dfenfest-mit-Matatu_cmgp_iPad-HD_001-4-768x512.jpg 768w, https:\/\/www.mg-projects.at\/crossmedia\/wp-content\/uploads\/2013\/08\/2013-08-09-Stra\u00dfenfest-mit-Matatu_cmgp_iPad-HD_001-4-800x534.jpg 800w, https:\/\/www.mg-projects.at\/crossmedia\/wp-content\/uploads\/2013\/08\/2013-08-09-Stra\u00dfenfest-mit-Matatu_cmgp_iPad-HD_001-4.jpg 850w\" sizes=\"(max-width: 850px) 100vw, 850px\" \/><\/a><\/p>\n<p><a href=\"https:\/\/www.mg-projects.at\/crossmedia\/wp-content\/uploads\/2013\/08\/2013-08-09-Stra\u00dfenfest-mit-Matatu_cmgp_iPad-HD_001.jpg\"><img decoding=\"async\" class=\"alignnone size-full wp-image-6989\" alt=\"2013-08-09 Stra\u00dfenfest mit Matatu_(c)mgp_[iPad-HD]_001\" src=\"https:\/\/www.mg-projects.at\/crossmedia\/wp-content\/uploads\/2013\/08\/2013-08-09-Stra\u00dfenfest-mit-Matatu_cmgp_iPad-HD_001.jpg\" width=\"850\" height=\"567\" srcset=\"https:\/\/www.mg-projects.at\/crossmedia\/wp-content\/uploads\/2013\/08\/2013-08-09-Stra\u00dfenfest-mit-Matatu_cmgp_iPad-HD_001-200x133.jpg 200w, https:\/\/www.mg-projects.at\/crossmedia\/wp-content\/uploads\/2013\/08\/2013-08-09-Stra\u00dfenfest-mit-Matatu_cmgp_iPad-HD_001-400x267.jpg 400w, https:\/\/www.mg-projects.at\/crossmedia\/wp-content\/uploads\/2013\/08\/2013-08-09-Stra\u00dfenfest-mit-Matatu_cmgp_iPad-HD_001-600x400.jpg 600w, https:\/\/www.mg-projects.at\/crossmedia\/wp-content\/uploads\/2013\/08\/2013-08-09-Stra\u00dfenfest-mit-Matatu_cmgp_iPad-HD_001-768x512.jpg 768w, https:\/\/www.mg-projects.at\/crossmedia\/wp-content\/uploads\/2013\/08\/2013-08-09-Stra\u00dfenfest-mit-Matatu_cmgp_iPad-HD_001-800x534.jpg 800w, https:\/\/www.mg-projects.at\/crossmedia\/wp-content\/uploads\/2013\/08\/2013-08-09-Stra\u00dfenfest-mit-Matatu_cmgp_iPad-HD_001.jpg 850w\" sizes=\"(max-width: 850px) 100vw, 850px\" \/><\/a><\/p>\n<p>Die gro\u00dfartige Livemusik stammt \u00fcbrigens von <a title=\"Matatu\" href=\"https:\/\/matatu.at\/site\/\" target=\"_blank\">Matatu<\/a>:<\/p>\n<p><iframe class=\"fusion-hidden\" data-privacy-type=\"youtube\" src=\"\" data-privacy-src=\"\/\/www.youtube.com\/embed\/p413a3q3wPg\" height=\"480\" width=\"853\" allowfullscreen=\"\" frameborder=\"0\"><\/iframe><div class=\"fusion-privacy-placeholder\" style=\"width:853px; height:480px;\" data-privacy-type=\"youtube\"><div class=\"fusion-privacy-placeholder-content\"><div class=\"fusion-privacy-label\">Aus datenschutzrechtlichen Gr\u00fcnden ben\u00f6tigt YouTube Ihre Einwilligung um geladen zu werden. Mehr Informationen finden Sie unter <a class=\"privacy-policy-link\" href=\"https:\/\/www.mg-projects.at\/crossmedia\/impressum\/datenschutz-richtlinien\/\" rel=\"privacy-policy\">Datenschutz Richtlinien<\/a>.<\/div><button data-privacy-type=\"youtube\" class=\"fusion-button button-default fusion-button-default-size button fusion-privacy-consent\">Akzeptieren<\/button><\/div><\/div>[\/fusion_builder_column][\/fusion_builder_row][\/fusion_builder_container]<\/p>\n","protected":false},"excerpt":{"rendered":"<p>Ein Stra\u00dfenfest. Das sollte es viel \u00f6fter geben. Ein paar Bierb\u00e4nke, ein paar gut gek\u00fchlte Getr\u00e4nke, gute Musik und ganz viel nette Leute. Mehr braucht es gar nicht, und wenn dann auch noch das Wetter mitspielt, wird aus einem lauen Sommerabend ein wunderbares Fest. Wo so etwas funktioniert? Im Villacher Stadtteil Lind organisieren Armin und <a href=\"https:\/\/www.mg-projects.at\/crossmedia\/fotografie\/strassenfest\/\"> [&#8230;]<\/a><\/p>\n","protected":false},"author":1,"featured_media":6997,"comment_status":"closed","ping_status":"closed","sticky":false,"template":"","format":"standard","meta":{"footnotes":""},"categories":[6],"tags":[15,20,21],"class_list":["post-6985","post","type-post","status-publish","format-standard","has-post-thumbnail","hentry","category-fotografie","tag-lifestyle","tag-stage","tag-event"],"_links":{"self":[{"href":"https:\/\/www.mg-projects.at\/crossmedia\/wp-json\/wp\/v2\/posts\/6985","targetHints":{"allow":["GET"]}}],"collection":[{"href":"https:\/\/www.mg-projects.at\/crossmedia\/wp-json\/wp\/v2\/posts"}],"about":[{"href":"https:\/\/www.mg-projects.at\/crossmedia\/wp-json\/wp\/v2\/types\/post"}],"author":[{"embeddable":true,"href":"https:\/\/www.mg-projects.at\/crossmedia\/wp-json\/wp\/v2\/users\/1"}],"replies":[{"embeddable":true,"href":"https:\/\/www.mg-projects.at\/crossmedia\/wp-json\/wp\/v2\/comments?post=6985"}],"version-history":[{"count":7,"href":"https:\/\/www.mg-projects.at\/crossmedia\/wp-json\/wp\/v2\/posts\/6985\/revisions"}],"predecessor-version":[{"id":7603,"href":"https:\/\/www.mg-projects.at\/crossmedia\/wp-json\/wp\/v2\/posts\/6985\/revisions\/7603"}],"wp:featuredmedia":[{"embeddable":true,"href":"https:\/\/www.mg-projects.at\/crossmedia\/wp-json\/wp\/v2\/media\/6997"}],"wp:attachment":[{"href":"https:\/\/www.mg-projects.at\/crossmedia\/wp-json\/wp\/v2\/media?parent=6985"}],"wp:term":[{"taxonomy":"category","embeddable":true,"href":"https:\/\/www.mg-projects.at\/crossmedia\/wp-json\/wp\/v2\/categories?post=6985"},{"taxonomy":"post_tag","embeddable":true,"href":"https:\/\/www.mg-projects.at\/crossmedia\/wp-json\/wp\/v2\/tags?post=6985"}],"curies":[{"name":"wp","href":"https:\/\/api.w.org\/{rel}","templated":true}]}}