{"id":7178,"date":"2014-10-31T17:53:43","date_gmt":"2014-10-31T16:53:43","guid":{"rendered":"http:\/\/www.mg-projects.at\/crossmedia\/?p=7178"},"modified":"2017-05-19T14:46:35","modified_gmt":"2017-05-19T12:46:35","slug":"herbstspass-in-ossiach","status":"publish","type":"post","link":"https:\/\/www.mg-projects.at\/crossmedia\/fotografie\/herbstspass-in-ossiach\/","title":{"rendered":"Herbstspa\u00df in Ossiach"},"content":{"rendered":"<p>Familienfotos mache ich am liebsten in ungezwungener Atmosph\u00e4re. Ein Spaziergang in der freien Natur &#8211; f\u00fcr ein weiches Licht idealerweise in den sp\u00e4ten Nachmittagsstunden &#8211; eignet sich perfekt daf\u00fcr. Denn die meisten Kinder finden es gar nicht spannend, f\u00fcr einen Fotografen zu posieren. Wer ihnen aber eine spa\u00dfige Besch\u00e4ftigung verschafft, wird meist mit netten Bildern belohnt. So auch geschehen an einem Oktobernachmittag mit Evelyn und ihrer Familie.<\/p>\n<p><img decoding=\"async\" class=\"alignnone size-full wp-image-7183\" alt=\"Herbstspa\u00df in Ossiach\" src=\"https:\/\/www.mg-projects.at\/crossmedia\/wp-content\/uploads\/2014\/12\/herbstspass-ossiach_0011.jpg\" width=\"960\" height=\"640\" srcset=\"https:\/\/www.mg-projects.at\/crossmedia\/wp-content\/uploads\/2014\/12\/herbstspass-ossiach_0011-200x133.jpg 200w, https:\/\/www.mg-projects.at\/crossmedia\/wp-content\/uploads\/2014\/12\/herbstspass-ossiach_0011-400x267.jpg 400w, https:\/\/www.mg-projects.at\/crossmedia\/wp-content\/uploads\/2014\/12\/herbstspass-ossiach_0011-600x400.jpg 600w, https:\/\/www.mg-projects.at\/crossmedia\/wp-content\/uploads\/2014\/12\/herbstspass-ossiach_0011-768x512.jpg 768w, https:\/\/www.mg-projects.at\/crossmedia\/wp-content\/uploads\/2014\/12\/herbstspass-ossiach_0011-800x533.jpg 800w, https:\/\/www.mg-projects.at\/crossmedia\/wp-content\/uploads\/2014\/12\/herbstspass-ossiach_0011.jpg 960w\" sizes=\"(max-width: 960px) 100vw, 960px\" \/><\/p>\n<p><img decoding=\"async\" class=\"alignnone size-full wp-image-7185\" alt=\"Herbstspa\u00df in Ossiach\" src=\"https:\/\/www.mg-projects.at\/crossmedia\/wp-content\/uploads\/2014\/12\/herbstspass-ossiach_003.jpg\" width=\"960\" height=\"640\" srcset=\"https:\/\/www.mg-projects.at\/crossmedia\/wp-content\/uploads\/2014\/12\/herbstspass-ossiach_003-200x133.jpg 200w, https:\/\/www.mg-projects.at\/crossmedia\/wp-content\/uploads\/2014\/12\/herbstspass-ossiach_003-400x267.jpg 400w, https:\/\/www.mg-projects.at\/crossmedia\/wp-content\/uploads\/2014\/12\/herbstspass-ossiach_003-600x400.jpg 600w, https:\/\/www.mg-projects.at\/crossmedia\/wp-content\/uploads\/2014\/12\/herbstspass-ossiach_003-768x512.jpg 768w, https:\/\/www.mg-projects.at\/crossmedia\/wp-content\/uploads\/2014\/12\/herbstspass-ossiach_003-800x533.jpg 800w, https:\/\/www.mg-projects.at\/crossmedia\/wp-content\/uploads\/2014\/12\/herbstspass-ossiach_003.jpg 960w\" sizes=\"(max-width: 960px) 100vw, 960px\" \/><\/p>\n<p><img decoding=\"async\" class=\"alignnone size-full wp-image-7187\" alt=\"Herbstspa\u00df in Ossiach\" src=\"https:\/\/www.mg-projects.at\/crossmedia\/wp-content\/uploads\/2014\/12\/herbstspass-ossiach_004.jpg\" width=\"960\" height=\"1440\" srcset=\"https:\/\/www.mg-projects.at\/crossmedia\/wp-content\/uploads\/2014\/12\/herbstspass-ossiach_004-200x300.jpg 200w, https:\/\/www.mg-projects.at\/crossmedia\/wp-content\/uploads\/2014\/12\/herbstspass-ossiach_004-400x600.jpg 400w, https:\/\/www.mg-projects.at\/crossmedia\/wp-content\/uploads\/2014\/12\/herbstspass-ossiach_004-600x900.jpg 600w, https:\/\/www.mg-projects.at\/crossmedia\/wp-content\/uploads\/2014\/12\/herbstspass-ossiach_004-768x1152.jpg 768w, https:\/\/www.mg-projects.at\/crossmedia\/wp-content\/uploads\/2014\/12\/herbstspass-ossiach_004-853x1280.jpg 853w, https:\/\/www.mg-projects.at\/crossmedia\/wp-content\/uploads\/2014\/12\/herbstspass-ossiach_004.jpg 960w\" sizes=\"(max-width: 960px) 100vw, 960px\" \/><\/p>\n<p><img decoding=\"async\" class=\"alignnone size-full wp-image-7189\" alt=\"Herbstspa\u00df in Ossiach\" src=\"https:\/\/www.mg-projects.at\/crossmedia\/wp-content\/uploads\/2014\/10\/herbstspass-ossiach_005.jpg\" width=\"960\" height=\"640\" srcset=\"https:\/\/www.mg-projects.at\/crossmedia\/wp-content\/uploads\/2014\/10\/herbstspass-ossiach_005-200x133.jpg 200w, https:\/\/www.mg-projects.at\/crossmedia\/wp-content\/uploads\/2014\/10\/herbstspass-ossiach_005-400x267.jpg 400w, https:\/\/www.mg-projects.at\/crossmedia\/wp-content\/uploads\/2014\/10\/herbstspass-ossiach_005-600x400.jpg 600w, https:\/\/www.mg-projects.at\/crossmedia\/wp-content\/uploads\/2014\/10\/herbstspass-ossiach_005-768x512.jpg 768w, https:\/\/www.mg-projects.at\/crossmedia\/wp-content\/uploads\/2014\/10\/herbstspass-ossiach_005-800x533.jpg 800w, https:\/\/www.mg-projects.at\/crossmedia\/wp-content\/uploads\/2014\/10\/herbstspass-ossiach_005.jpg 960w\" sizes=\"(max-width: 960px) 100vw, 960px\" \/><\/p>\n<p><img decoding=\"async\" class=\"alignnone size-full wp-image-7191\" alt=\"Herbstspa\u00df in Ossiach\" src=\"https:\/\/www.mg-projects.at\/crossmedia\/wp-content\/uploads\/2014\/10\/herbstspass-ossiach_006.jpg\" width=\"960\" height=\"640\" srcset=\"https:\/\/www.mg-projects.at\/crossmedia\/wp-content\/uploads\/2014\/10\/herbstspass-ossiach_006-200x133.jpg 200w, https:\/\/www.mg-projects.at\/crossmedia\/wp-content\/uploads\/2014\/10\/herbstspass-ossiach_006-400x267.jpg 400w, https:\/\/www.mg-projects.at\/crossmedia\/wp-content\/uploads\/2014\/10\/herbstspass-ossiach_006-600x400.jpg 600w, https:\/\/www.mg-projects.at\/crossmedia\/wp-content\/uploads\/2014\/10\/herbstspass-ossiach_006-768x512.jpg 768w, https:\/\/www.mg-projects.at\/crossmedia\/wp-content\/uploads\/2014\/10\/herbstspass-ossiach_006-800x533.jpg 800w, https:\/\/www.mg-projects.at\/crossmedia\/wp-content\/uploads\/2014\/10\/herbstspass-ossiach_006.jpg 960w\" sizes=\"(max-width: 960px) 100vw, 960px\" \/><\/p>\n","protected":false},"excerpt":{"rendered":"<p>Familienfotos mache ich am liebsten in ungezwungener Atmosph\u00e4re. Ein Spaziergang in der freien Natur &#8211; f\u00fcr ein weiches Licht idealerweise in den sp\u00e4ten Nachmittagsstunden &#8211; eignet sich perfekt daf\u00fcr. Denn die meisten Kinder finden es gar nicht spannend, f\u00fcr einen Fotografen zu posieren. Wer ihnen aber eine spa\u00dfige Besch\u00e4ftigung verschafft, wird meist mit netten Bildern <a href=\"https:\/\/www.mg-projects.at\/crossmedia\/fotografie\/herbstspass-in-ossiach\/\"> [&#8230;]<\/a><\/p>\n","protected":false},"author":1,"featured_media":7181,"comment_status":"closed","ping_status":"closed","sticky":false,"template":"","format":"standard","meta":{"footnotes":""},"categories":[6],"tags":[35,15,16],"class_list":["post-7178","post","type-post","status-publish","format-standard","has-post-thumbnail","hentry","category-fotografie","tag-familie","tag-lifestyle","tag-portrait"],"_links":{"self":[{"href":"https:\/\/www.mg-projects.at\/crossmedia\/wp-json\/wp\/v2\/posts\/7178","targetHints":{"allow":["GET"]}}],"collection":[{"href":"https:\/\/www.mg-projects.at\/crossmedia\/wp-json\/wp\/v2\/posts"}],"about":[{"href":"https:\/\/www.mg-projects.at\/crossmedia\/wp-json\/wp\/v2\/types\/post"}],"author":[{"embeddable":true,"href":"https:\/\/www.mg-projects.at\/crossmedia\/wp-json\/wp\/v2\/users\/1"}],"replies":[{"embeddable":true,"href":"https:\/\/www.mg-projects.at\/crossmedia\/wp-json\/wp\/v2\/comments?post=7178"}],"version-history":[{"count":7,"href":"https:\/\/www.mg-projects.at\/crossmedia\/wp-json\/wp\/v2\/posts\/7178\/revisions"}],"predecessor-version":[{"id":7192,"href":"https:\/\/www.mg-projects.at\/crossmedia\/wp-json\/wp\/v2\/posts\/7178\/revisions\/7192"}],"wp:featuredmedia":[{"embeddable":true,"href":"https:\/\/www.mg-projects.at\/crossmedia\/wp-json\/wp\/v2\/media\/7181"}],"wp:attachment":[{"href":"https:\/\/www.mg-projects.at\/crossmedia\/wp-json\/wp\/v2\/media?parent=7178"}],"wp:term":[{"taxonomy":"category","embeddable":true,"href":"https:\/\/www.mg-projects.at\/crossmedia\/wp-json\/wp\/v2\/categories?post=7178"},{"taxonomy":"post_tag","embeddable":true,"href":"https:\/\/www.mg-projects.at\/crossmedia\/wp-json\/wp\/v2\/tags?post=7178"}],"curies":[{"name":"wp","href":"https:\/\/api.w.org\/{rel}","templated":true}]}}