{"id":7513,"date":"2015-06-20T23:06:06","date_gmt":"2015-06-20T21:06:06","guid":{"rendered":"http:\/\/www.mg-projects.at\/crossmedia\/?p=7513"},"modified":"2017-05-19T14:46:35","modified_gmt":"2017-05-19T12:46:35","slug":"hochzeit-beate-harald","status":"publish","type":"post","link":"https:\/\/www.mg-projects.at\/crossmedia\/fotografie\/hochzeit-beate-harald\/","title":{"rendered":"Beate &#038; Harald: W\u00f6rtherseehochzeit"},"content":{"rendered":"<p>Mit dem romantischen Hochzeitspavillon in P\u00f6rtschach am W\u00f6rthersee und der Kreuzberglkirche mit ihrer traumhaften Aussicht auf Klagenfurt haben sich Beate und Harald einen sehr stimmungsvollen Rahmen f\u00fcr ihre Hochzeitsfeier ausgesucht. Obwohl das Wetter nicht ganz mitgespielt hat, blieb es w\u00e4hrend der Zeremonien trocken. Und als es nach der kirchlichen Trauung mit dem VW-K\u00e4fer Oldtimer zur Hochzeitstafel in der Schleppe Arena ging, strahlte sogar die Sonne mit dem frisch verm\u00e4hlten Ehepaar.<\/p>\n<p><!--more--><\/p>\n<p><img decoding=\"async\" class=\"size-full wp-image-7515 aligncenter\" src=\"https:\/\/www.mg-projects.at\/crossmedia\/wp-content\/uploads\/2016\/01\/150620_\u00a9mgp_Hochzeit-Beate-Harald_001.jpg\" alt=\"Hochzeit Beate &amp; Harald\" width=\"1280\" height=\"853\" srcset=\"https:\/\/www.mg-projects.at\/crossmedia\/wp-content\/uploads\/2016\/01\/150620_\u00a9mgp_Hochzeit-Beate-Harald_001-200x133.jpg 200w, https:\/\/www.mg-projects.at\/crossmedia\/wp-content\/uploads\/2016\/01\/150620_\u00a9mgp_Hochzeit-Beate-Harald_001-400x267.jpg 400w, https:\/\/www.mg-projects.at\/crossmedia\/wp-content\/uploads\/2016\/01\/150620_\u00a9mgp_Hochzeit-Beate-Harald_001-600x400.jpg 600w, https:\/\/www.mg-projects.at\/crossmedia\/wp-content\/uploads\/2016\/01\/150620_\u00a9mgp_Hochzeit-Beate-Harald_001-768x512.jpg 768w, https:\/\/www.mg-projects.at\/crossmedia\/wp-content\/uploads\/2016\/01\/150620_\u00a9mgp_Hochzeit-Beate-Harald_001-800x533.jpg 800w, https:\/\/www.mg-projects.at\/crossmedia\/wp-content\/uploads\/2016\/01\/150620_\u00a9mgp_Hochzeit-Beate-Harald_001-1200x800.jpg 1200w, https:\/\/www.mg-projects.at\/crossmedia\/wp-content\/uploads\/2016\/01\/150620_\u00a9mgp_Hochzeit-Beate-Harald_001.jpg 1280w\" sizes=\"(max-width: 1280px) 100vw, 1280px\" \/><\/p>\n<p><img decoding=\"async\" class=\"size-full wp-image-7516 aligncenter\" src=\"https:\/\/www.mg-projects.at\/crossmedia\/wp-content\/uploads\/2016\/01\/150620_\u00a9mgp_Hochzeit-Beate-Harald_002.jpg\" alt=\"Hochzeit Beate &amp; Harald\" width=\"1280\" height=\"853\" srcset=\"https:\/\/www.mg-projects.at\/crossmedia\/wp-content\/uploads\/2016\/01\/150620_\u00a9mgp_Hochzeit-Beate-Harald_002-200x133.jpg 200w, https:\/\/www.mg-projects.at\/crossmedia\/wp-content\/uploads\/2016\/01\/150620_\u00a9mgp_Hochzeit-Beate-Harald_002-400x267.jpg 400w, https:\/\/www.mg-projects.at\/crossmedia\/wp-content\/uploads\/2016\/01\/150620_\u00a9mgp_Hochzeit-Beate-Harald_002-600x400.jpg 600w, https:\/\/www.mg-projects.at\/crossmedia\/wp-content\/uploads\/2016\/01\/150620_\u00a9mgp_Hochzeit-Beate-Harald_002-768x512.jpg 768w, https:\/\/www.mg-projects.at\/crossmedia\/wp-content\/uploads\/2016\/01\/150620_\u00a9mgp_Hochzeit-Beate-Harald_002-800x533.jpg 800w, https:\/\/www.mg-projects.at\/crossmedia\/wp-content\/uploads\/2016\/01\/150620_\u00a9mgp_Hochzeit-Beate-Harald_002-1200x800.jpg 1200w, https:\/\/www.mg-projects.at\/crossmedia\/wp-content\/uploads\/2016\/01\/150620_\u00a9mgp_Hochzeit-Beate-Harald_002.jpg 1280w\" sizes=\"(max-width: 1280px) 100vw, 1280px\" \/><\/p>\n<p><img decoding=\"async\" class=\"size-full wp-image-7517 aligncenter\" src=\"https:\/\/www.mg-projects.at\/crossmedia\/wp-content\/uploads\/2016\/01\/150620_\u00a9mgp_Hochzeit-Beate-Harald_005.jpg\" alt=\"Hochzeit Beate &amp; Harald\" width=\"1024\" height=\"1536\" srcset=\"https:\/\/www.mg-projects.at\/crossmedia\/wp-content\/uploads\/2016\/01\/150620_\u00a9mgp_Hochzeit-Beate-Harald_005-200x300.jpg 200w, https:\/\/www.mg-projects.at\/crossmedia\/wp-content\/uploads\/2016\/01\/150620_\u00a9mgp_Hochzeit-Beate-Harald_005-400x600.jpg 400w, https:\/\/www.mg-projects.at\/crossmedia\/wp-content\/uploads\/2016\/01\/150620_\u00a9mgp_Hochzeit-Beate-Harald_005-600x900.jpg 600w, https:\/\/www.mg-projects.at\/crossmedia\/wp-content\/uploads\/2016\/01\/150620_\u00a9mgp_Hochzeit-Beate-Harald_005-768x1152.jpg 768w, https:\/\/www.mg-projects.at\/crossmedia\/wp-content\/uploads\/2016\/01\/150620_\u00a9mgp_Hochzeit-Beate-Harald_005-853x1280.jpg 853w, https:\/\/www.mg-projects.at\/crossmedia\/wp-content\/uploads\/2016\/01\/150620_\u00a9mgp_Hochzeit-Beate-Harald_005.jpg 1024w\" sizes=\"(max-width: 1024px) 100vw, 1024px\" \/><\/p>\n<p><img decoding=\"async\" class=\"size-full wp-image-7520 aligncenter\" src=\"https:\/\/www.mg-projects.at\/crossmedia\/wp-content\/uploads\/2016\/01\/160120_\u00a9mgp_Hochzeit-Beate-Harald_004.jpg\" alt=\"Hochzeit Beate &amp; Harald\" width=\"1280\" height=\"853\" srcset=\"https:\/\/www.mg-projects.at\/crossmedia\/wp-content\/uploads\/2016\/01\/160120_\u00a9mgp_Hochzeit-Beate-Harald_004-200x133.jpg 200w, https:\/\/www.mg-projects.at\/crossmedia\/wp-content\/uploads\/2016\/01\/160120_\u00a9mgp_Hochzeit-Beate-Harald_004-400x267.jpg 400w, https:\/\/www.mg-projects.at\/crossmedia\/wp-content\/uploads\/2016\/01\/160120_\u00a9mgp_Hochzeit-Beate-Harald_004-600x400.jpg 600w, https:\/\/www.mg-projects.at\/crossmedia\/wp-content\/uploads\/2016\/01\/160120_\u00a9mgp_Hochzeit-Beate-Harald_004-768x512.jpg 768w, https:\/\/www.mg-projects.at\/crossmedia\/wp-content\/uploads\/2016\/01\/160120_\u00a9mgp_Hochzeit-Beate-Harald_004-800x533.jpg 800w, https:\/\/www.mg-projects.at\/crossmedia\/wp-content\/uploads\/2016\/01\/160120_\u00a9mgp_Hochzeit-Beate-Harald_004-1200x800.jpg 1200w, https:\/\/www.mg-projects.at\/crossmedia\/wp-content\/uploads\/2016\/01\/160120_\u00a9mgp_Hochzeit-Beate-Harald_004.jpg 1280w\" sizes=\"(max-width: 1280px) 100vw, 1280px\" \/><\/p>\n<p><img decoding=\"async\" class=\"size-full wp-image-7518 aligncenter\" src=\"https:\/\/www.mg-projects.at\/crossmedia\/wp-content\/uploads\/2016\/01\/150620_\u00a9mgp_Hochzeit-Beate-Harald_006.jpg\" alt=\"Hochzeit Beate &amp; Harald\" width=\"1280\" height=\"853\" srcset=\"https:\/\/www.mg-projects.at\/crossmedia\/wp-content\/uploads\/2016\/01\/150620_\u00a9mgp_Hochzeit-Beate-Harald_006-200x133.jpg 200w, https:\/\/www.mg-projects.at\/crossmedia\/wp-content\/uploads\/2016\/01\/150620_\u00a9mgp_Hochzeit-Beate-Harald_006-400x267.jpg 400w, https:\/\/www.mg-projects.at\/crossmedia\/wp-content\/uploads\/2016\/01\/150620_\u00a9mgp_Hochzeit-Beate-Harald_006-600x400.jpg 600w, https:\/\/www.mg-projects.at\/crossmedia\/wp-content\/uploads\/2016\/01\/150620_\u00a9mgp_Hochzeit-Beate-Harald_006-768x512.jpg 768w, https:\/\/www.mg-projects.at\/crossmedia\/wp-content\/uploads\/2016\/01\/150620_\u00a9mgp_Hochzeit-Beate-Harald_006-800x533.jpg 800w, https:\/\/www.mg-projects.at\/crossmedia\/wp-content\/uploads\/2016\/01\/150620_\u00a9mgp_Hochzeit-Beate-Harald_006-1200x800.jpg 1200w, https:\/\/www.mg-projects.at\/crossmedia\/wp-content\/uploads\/2016\/01\/150620_\u00a9mgp_Hochzeit-Beate-Harald_006.jpg 1280w\" sizes=\"(max-width: 1280px) 100vw, 1280px\" \/><\/p>\n<p><img decoding=\"async\" class=\"size-full wp-image-7519 aligncenter\" src=\"https:\/\/www.mg-projects.at\/crossmedia\/wp-content\/uploads\/2016\/01\/160120_\u00a9mgp_Hochzeit-Beate-Harald_007.jpg\" alt=\"Hochzeit Beate &amp; Harald\" width=\"1280\" height=\"853\" srcset=\"https:\/\/www.mg-projects.at\/crossmedia\/wp-content\/uploads\/2016\/01\/160120_\u00a9mgp_Hochzeit-Beate-Harald_007-200x133.jpg 200w, https:\/\/www.mg-projects.at\/crossmedia\/wp-content\/uploads\/2016\/01\/160120_\u00a9mgp_Hochzeit-Beate-Harald_007-400x267.jpg 400w, https:\/\/www.mg-projects.at\/crossmedia\/wp-content\/uploads\/2016\/01\/160120_\u00a9mgp_Hochzeit-Beate-Harald_007-600x400.jpg 600w, https:\/\/www.mg-projects.at\/crossmedia\/wp-content\/uploads\/2016\/01\/160120_\u00a9mgp_Hochzeit-Beate-Harald_007-768x512.jpg 768w, https:\/\/www.mg-projects.at\/crossmedia\/wp-content\/uploads\/2016\/01\/160120_\u00a9mgp_Hochzeit-Beate-Harald_007-800x533.jpg 800w, https:\/\/www.mg-projects.at\/crossmedia\/wp-content\/uploads\/2016\/01\/160120_\u00a9mgp_Hochzeit-Beate-Harald_007-1200x800.jpg 1200w, https:\/\/www.mg-projects.at\/crossmedia\/wp-content\/uploads\/2016\/01\/160120_\u00a9mgp_Hochzeit-Beate-Harald_007.jpg 1280w\" sizes=\"(max-width: 1280px) 100vw, 1280px\" \/><\/p>\n<p><img decoding=\"async\" class=\"size-full wp-image-7521 aligncenter\" src=\"https:\/\/www.mg-projects.at\/crossmedia\/wp-content\/uploads\/2016\/01\/160120_\u00a9mgp_Hochzeit-Beate-Harald_008.jpg\" alt=\"Hochzeit Beate &amp; Harald\" width=\"1280\" height=\"853\" srcset=\"https:\/\/www.mg-projects.at\/crossmedia\/wp-content\/uploads\/2016\/01\/160120_\u00a9mgp_Hochzeit-Beate-Harald_008-200x133.jpg 200w, https:\/\/www.mg-projects.at\/crossmedia\/wp-content\/uploads\/2016\/01\/160120_\u00a9mgp_Hochzeit-Beate-Harald_008-400x267.jpg 400w, https:\/\/www.mg-projects.at\/crossmedia\/wp-content\/uploads\/2016\/01\/160120_\u00a9mgp_Hochzeit-Beate-Harald_008-600x400.jpg 600w, https:\/\/www.mg-projects.at\/crossmedia\/wp-content\/uploads\/2016\/01\/160120_\u00a9mgp_Hochzeit-Beate-Harald_008-768x512.jpg 768w, https:\/\/www.mg-projects.at\/crossmedia\/wp-content\/uploads\/2016\/01\/160120_\u00a9mgp_Hochzeit-Beate-Harald_008-800x533.jpg 800w, https:\/\/www.mg-projects.at\/crossmedia\/wp-content\/uploads\/2016\/01\/160120_\u00a9mgp_Hochzeit-Beate-Harald_008-1200x800.jpg 1200w, https:\/\/www.mg-projects.at\/crossmedia\/wp-content\/uploads\/2016\/01\/160120_\u00a9mgp_Hochzeit-Beate-Harald_008.jpg 1280w\" sizes=\"(max-width: 1280px) 100vw, 1280px\" \/><\/p>\n<p><img decoding=\"async\" class=\"size-full wp-image-7522 aligncenter\" src=\"https:\/\/www.mg-projects.at\/crossmedia\/wp-content\/uploads\/2016\/01\/150620_\u00a9mgp_Hochzeit-Beate-Harald_009.jpg\" alt=\"Hochzeit Beate &amp; Harald\" width=\"1280\" height=\"853\" srcset=\"https:\/\/www.mg-projects.at\/crossmedia\/wp-content\/uploads\/2016\/01\/150620_\u00a9mgp_Hochzeit-Beate-Harald_009-200x133.jpg 200w, https:\/\/www.mg-projects.at\/crossmedia\/wp-content\/uploads\/2016\/01\/150620_\u00a9mgp_Hochzeit-Beate-Harald_009-400x267.jpg 400w, https:\/\/www.mg-projects.at\/crossmedia\/wp-content\/uploads\/2016\/01\/150620_\u00a9mgp_Hochzeit-Beate-Harald_009-600x400.jpg 600w, https:\/\/www.mg-projects.at\/crossmedia\/wp-content\/uploads\/2016\/01\/150620_\u00a9mgp_Hochzeit-Beate-Harald_009-768x512.jpg 768w, https:\/\/www.mg-projects.at\/crossmedia\/wp-content\/uploads\/2016\/01\/150620_\u00a9mgp_Hochzeit-Beate-Harald_009-800x533.jpg 800w, https:\/\/www.mg-projects.at\/crossmedia\/wp-content\/uploads\/2016\/01\/150620_\u00a9mgp_Hochzeit-Beate-Harald_009-1200x800.jpg 1200w, https:\/\/www.mg-projects.at\/crossmedia\/wp-content\/uploads\/2016\/01\/150620_\u00a9mgp_Hochzeit-Beate-Harald_009.jpg 1280w\" sizes=\"(max-width: 1280px) 100vw, 1280px\" \/><\/p>\n<p>&nbsp;<\/p>\n","protected":false},"excerpt":{"rendered":"<p>Mit dem romantischen Hochzeitspavillon in P\u00f6rtschach am W\u00f6rthersee und der Kreuzberglkirche mit ihrer traumhaften Aussicht auf Klagenfurt haben sich Beate und Harald einen sehr stimmungsvollen Rahmen f\u00fcr ihre Hochzeitsfeier ausgesucht. Obwohl das Wetter nicht ganz mitgespielt hat, blieb es w\u00e4hrend der Zeremonien trocken. Und als es nach der kirchlichen Trauung mit dem VW-K\u00e4fer Oldtimer zur <a href=\"https:\/\/www.mg-projects.at\/crossmedia\/fotografie\/hochzeit-beate-harald\/\"> [&#8230;]<\/a><\/p>\n","protected":false},"author":1,"featured_media":7514,"comment_status":"closed","ping_status":"closed","sticky":false,"template":"","format":"standard","meta":{"footnotes":""},"categories":[6],"tags":[29],"class_list":["post-7513","post","type-post","status-publish","format-standard","has-post-thumbnail","hentry","category-fotografie","tag-hochzeiten-taufe-co"],"_links":{"self":[{"href":"https:\/\/www.mg-projects.at\/crossmedia\/wp-json\/wp\/v2\/posts\/7513","targetHints":{"allow":["GET"]}}],"collection":[{"href":"https:\/\/www.mg-projects.at\/crossmedia\/wp-json\/wp\/v2\/posts"}],"about":[{"href":"https:\/\/www.mg-projects.at\/crossmedia\/wp-json\/wp\/v2\/types\/post"}],"author":[{"embeddable":true,"href":"https:\/\/www.mg-projects.at\/crossmedia\/wp-json\/wp\/v2\/users\/1"}],"replies":[{"embeddable":true,"href":"https:\/\/www.mg-projects.at\/crossmedia\/wp-json\/wp\/v2\/comments?post=7513"}],"version-history":[{"count":5,"href":"https:\/\/www.mg-projects.at\/crossmedia\/wp-json\/wp\/v2\/posts\/7513\/revisions"}],"predecessor-version":[{"id":7528,"href":"https:\/\/www.mg-projects.at\/crossmedia\/wp-json\/wp\/v2\/posts\/7513\/revisions\/7528"}],"wp:featuredmedia":[{"embeddable":true,"href":"https:\/\/www.mg-projects.at\/crossmedia\/wp-json\/wp\/v2\/media\/7514"}],"wp:attachment":[{"href":"https:\/\/www.mg-projects.at\/crossmedia\/wp-json\/wp\/v2\/media?parent=7513"}],"wp:term":[{"taxonomy":"category","embeddable":true,"href":"https:\/\/www.mg-projects.at\/crossmedia\/wp-json\/wp\/v2\/categories?post=7513"},{"taxonomy":"post_tag","embeddable":true,"href":"https:\/\/www.mg-projects.at\/crossmedia\/wp-json\/wp\/v2\/tags?post=7513"}],"curies":[{"name":"wp","href":"https:\/\/api.w.org\/{rel}","templated":true}]}}