{"id":7694,"date":"2017-03-05T12:51:26","date_gmt":"2017-03-05T11:51:26","guid":{"rendered":"http:\/\/www.mg-projects.at\/crossmedia\/?p=7694"},"modified":"2017-05-25T21:04:54","modified_gmt":"2017-05-25T19:04:54","slug":"hochzeit-franziska-thomas-tegernesee","status":"publish","type":"post","link":"https:\/\/www.mg-projects.at\/crossmedia\/fotografie\/hochzeit-franziska-thomas-tegernesee\/","title":{"rendered":"Franziska &#038; Thomas: Hochzeit am Tegernsee"},"content":{"rendered":"<p><div class=\"fusion-fullwidth fullwidth-box fusion-builder-row-1 nonhundred-percent-fullwidth non-hundred-percent-height-scrolling\" style=\"--awb-border-radius-top-left:0px;--awb-border-radius-top-right:0px;--awb-border-radius-bottom-right:0px;--awb-border-radius-bottom-left:0px;--awb-flex-wrap:wrap;\" ><div class=\"fusion-builder-row fusion-row\"><div class=\"fusion-layout-column fusion_builder_column fusion-builder-column-0 fusion_builder_column_1_1 1_1 fusion-one-full fusion-column-first fusion-column-last\" style=\"--awb-bg-size:cover;\"><div class=\"fusion-column-wrapper fusion-flex-column-wrapper-legacy\"><div class=\"fusion-text fusion-text-1\"><p>Diese Anfrage hat mich ganz besonders gefreut: Ich kenne Thomas aus meiner Zeit als Amateur-DJ und -Barkeeper im Flaschl. Das ist also schon richtig lange her; sch\u00e4tzen wir mal vorsichtig auf 15 Jahre. Thomas lebt mittlerweile in M\u00fcnchen und hat dort seine Franziska kennengelernt. Als die beiden vor wenigen Monaten beschlossen haben zu heiraten, hat sich Thomas bei mir gemeldet und gefragt, ob ich seine Hochzeit fotografieren will. Dass er nach so vielen Jahren an mich gedacht hat, liegt daran &#8211; so seine charmante Begr\u00fcndung &#8211; dass das einzige Foto, auf dem er sich gef\u00e4llt, vor langer Zeit von mir gemacht wurde. Ich hoffe, ich konnte auch dieses Mal deine hohen Anspr\u00fcche erf\u00fcllen.<\/p>\n<\/div><div class=\"fusion-clearfix\"><\/div><\/div><\/div><\/div><\/div><div class=\"fusion-fullwidth fullwidth-box fusion-builder-row-2 nonhundred-percent-fullwidth non-hundred-percent-height-scrolling\" style=\"--awb-border-radius-top-left:0px;--awb-border-radius-top-right:0px;--awb-border-radius-bottom-right:0px;--awb-border-radius-bottom-left:0px;--awb-flex-wrap:wrap;\" ><div class=\"fusion-builder-row fusion-row\"><div class=\"fusion-layout-column fusion_builder_column fusion-builder-column-1 fusion_builder_column_1_1 1_1 fusion-one-full fusion-column-first fusion-column-last\" style=\"--awb-bg-size:cover;\"><div class=\"fusion-column-wrapper fusion-flex-column-wrapper-legacy\"><div class=\"fusion-image-element in-legacy-container\" style=\"--awb-caption-title-font-family:var(--h2_typography-font-family);--awb-caption-title-font-weight:var(--h2_typography-font-weight);--awb-caption-title-font-style:var(--h2_typography-font-style);--awb-caption-title-size:var(--h2_typography-font-size);--awb-caption-title-transform:var(--h2_typography-text-transform);--awb-caption-title-line-height:var(--h2_typography-line-height);--awb-caption-title-letter-spacing:var(--h2_typography-letter-spacing);\"><span class=\" fusion-imageframe imageframe-none imageframe-1 hover-type-none\"><img decoding=\"async\" width=\"1280\" height=\"853\" title=\"Hochzeit Franziska + Thomas, Tegernsee\" src=\"https:\/\/www.mg-projects.at\/crossmedia\/wp-content\/uploads\/2017\/05\/170303_\u00a9mgp_FranziskaThomas_01.jpg\" alt class=\"img-responsive wp-image-7680\" srcset=\"https:\/\/www.mg-projects.at\/crossmedia\/wp-content\/uploads\/2017\/05\/170303_\u00a9mgp_FranziskaThomas_01-200x133.jpg 200w, https:\/\/www.mg-projects.at\/crossmedia\/wp-content\/uploads\/2017\/05\/170303_\u00a9mgp_FranziskaThomas_01-400x267.jpg 400w, https:\/\/www.mg-projects.at\/crossmedia\/wp-content\/uploads\/2017\/05\/170303_\u00a9mgp_FranziskaThomas_01-600x400.jpg 600w, https:\/\/www.mg-projects.at\/crossmedia\/wp-content\/uploads\/2017\/05\/170303_\u00a9mgp_FranziskaThomas_01-800x533.jpg 800w, https:\/\/www.mg-projects.at\/crossmedia\/wp-content\/uploads\/2017\/05\/170303_\u00a9mgp_FranziskaThomas_01-1200x800.jpg 1200w, https:\/\/www.mg-projects.at\/crossmedia\/wp-content\/uploads\/2017\/05\/170303_\u00a9mgp_FranziskaThomas_01.jpg 1280w\" sizes=\"(max-width: 780px) 100vw, 1200px\" \/><\/span><\/div><div class=\"fusion-clearfix\"><\/div><\/div><\/div><div class=\"fusion-layout-column fusion_builder_column fusion-builder-column-2 fusion_builder_column_1_1 1_1 fusion-one-full fusion-column-first fusion-column-last\" style=\"--awb-bg-size:cover;\"><div class=\"fusion-column-wrapper fusion-flex-column-wrapper-legacy\"><div class=\"fusion-image-element in-legacy-container\" style=\"--awb-caption-title-font-family:var(--h2_typography-font-family);--awb-caption-title-font-weight:var(--h2_typography-font-weight);--awb-caption-title-font-style:var(--h2_typography-font-style);--awb-caption-title-size:var(--h2_typography-font-size);--awb-caption-title-transform:var(--h2_typography-text-transform);--awb-caption-title-line-height:var(--h2_typography-line-height);--awb-caption-title-letter-spacing:var(--h2_typography-letter-spacing);\"><span class=\" fusion-imageframe imageframe-none imageframe-2 hover-type-none\"><img decoding=\"async\" width=\"1280\" height=\"853\" title=\"Hochzeit Franziska + Thomas, Tegernsee\" src=\"https:\/\/www.mg-projects.at\/crossmedia\/wp-content\/uploads\/2017\/05\/170303_\u00a9mgp_FranziskaThomas_02.jpg\" alt class=\"img-responsive wp-image-7681\" srcset=\"https:\/\/www.mg-projects.at\/crossmedia\/wp-content\/uploads\/2017\/05\/170303_\u00a9mgp_FranziskaThomas_02-200x133.jpg 200w, https:\/\/www.mg-projects.at\/crossmedia\/wp-content\/uploads\/2017\/05\/170303_\u00a9mgp_FranziskaThomas_02-400x267.jpg 400w, https:\/\/www.mg-projects.at\/crossmedia\/wp-content\/uploads\/2017\/05\/170303_\u00a9mgp_FranziskaThomas_02-600x400.jpg 600w, https:\/\/www.mg-projects.at\/crossmedia\/wp-content\/uploads\/2017\/05\/170303_\u00a9mgp_FranziskaThomas_02-800x533.jpg 800w, https:\/\/www.mg-projects.at\/crossmedia\/wp-content\/uploads\/2017\/05\/170303_\u00a9mgp_FranziskaThomas_02-1200x800.jpg 1200w, https:\/\/www.mg-projects.at\/crossmedia\/wp-content\/uploads\/2017\/05\/170303_\u00a9mgp_FranziskaThomas_02.jpg 1280w\" sizes=\"(max-width: 780px) 100vw, 1200px\" \/><\/span><\/div><div class=\"fusion-clearfix\"><\/div><\/div><\/div><div class=\"fusion-layout-column fusion_builder_column fusion-builder-column-3 fusion_builder_column_1_1 1_1 fusion-one-full fusion-column-first fusion-column-last\" style=\"--awb-bg-size:cover;\"><div class=\"fusion-column-wrapper fusion-flex-column-wrapper-legacy\"><div class=\"fusion-image-element in-legacy-container\" style=\"--awb-caption-title-font-family:var(--h2_typography-font-family);--awb-caption-title-font-weight:var(--h2_typography-font-weight);--awb-caption-title-font-style:var(--h2_typography-font-style);--awb-caption-title-size:var(--h2_typography-font-size);--awb-caption-title-transform:var(--h2_typography-text-transform);--awb-caption-title-line-height:var(--h2_typography-line-height);--awb-caption-title-letter-spacing:var(--h2_typography-letter-spacing);\"><span class=\" fusion-imageframe imageframe-none imageframe-3 hover-type-none\"><img decoding=\"async\" width=\"1280\" height=\"853\" title=\"Hochzeit Franziska + Thomas, Tegernsee\" src=\"https:\/\/www.mg-projects.at\/crossmedia\/wp-content\/uploads\/2017\/05\/170525_\u00a9mgp_FranziskaThomas_03.jpg\" alt class=\"img-responsive wp-image-7689\" srcset=\"https:\/\/www.mg-projects.at\/crossmedia\/wp-content\/uploads\/2017\/05\/170525_\u00a9mgp_FranziskaThomas_03-200x133.jpg 200w, https:\/\/www.mg-projects.at\/crossmedia\/wp-content\/uploads\/2017\/05\/170525_\u00a9mgp_FranziskaThomas_03-400x267.jpg 400w, https:\/\/www.mg-projects.at\/crossmedia\/wp-content\/uploads\/2017\/05\/170525_\u00a9mgp_FranziskaThomas_03-600x400.jpg 600w, https:\/\/www.mg-projects.at\/crossmedia\/wp-content\/uploads\/2017\/05\/170525_\u00a9mgp_FranziskaThomas_03-800x533.jpg 800w, https:\/\/www.mg-projects.at\/crossmedia\/wp-content\/uploads\/2017\/05\/170525_\u00a9mgp_FranziskaThomas_03-1200x800.jpg 1200w, https:\/\/www.mg-projects.at\/crossmedia\/wp-content\/uploads\/2017\/05\/170525_\u00a9mgp_FranziskaThomas_03.jpg 1280w\" sizes=\"(max-width: 780px) 100vw, 1200px\" \/><\/span><\/div><div class=\"fusion-clearfix\"><\/div><\/div><\/div><div class=\"fusion-layout-column fusion_builder_column fusion-builder-column-4 fusion_builder_column_1_1 1_1 fusion-one-full fusion-column-first fusion-column-last\" style=\"--awb-bg-size:cover;\"><div class=\"fusion-column-wrapper fusion-flex-column-wrapper-legacy\"><div class=\"fusion-image-element in-legacy-container\" style=\"--awb-caption-title-font-family:var(--h2_typography-font-family);--awb-caption-title-font-weight:var(--h2_typography-font-weight);--awb-caption-title-font-style:var(--h2_typography-font-style);--awb-caption-title-size:var(--h2_typography-font-size);--awb-caption-title-transform:var(--h2_typography-text-transform);--awb-caption-title-line-height:var(--h2_typography-line-height);--awb-caption-title-letter-spacing:var(--h2_typography-letter-spacing);\"><span class=\" fusion-imageframe imageframe-none imageframe-4 hover-type-none\"><img decoding=\"async\" width=\"1280\" height=\"853\" title=\"Hochzeit Franziska + Thomas, Tegernsee\" src=\"https:\/\/www.mg-projects.at\/crossmedia\/wp-content\/uploads\/2017\/05\/170303_\u00a9mgp_FranziskaThomas_04.jpg\" alt class=\"img-responsive wp-image-7682\" srcset=\"https:\/\/www.mg-projects.at\/crossmedia\/wp-content\/uploads\/2017\/05\/170303_\u00a9mgp_FranziskaThomas_04-200x133.jpg 200w, https:\/\/www.mg-projects.at\/crossmedia\/wp-content\/uploads\/2017\/05\/170303_\u00a9mgp_FranziskaThomas_04-400x267.jpg 400w, https:\/\/www.mg-projects.at\/crossmedia\/wp-content\/uploads\/2017\/05\/170303_\u00a9mgp_FranziskaThomas_04-600x400.jpg 600w, https:\/\/www.mg-projects.at\/crossmedia\/wp-content\/uploads\/2017\/05\/170303_\u00a9mgp_FranziskaThomas_04-800x533.jpg 800w, https:\/\/www.mg-projects.at\/crossmedia\/wp-content\/uploads\/2017\/05\/170303_\u00a9mgp_FranziskaThomas_04-1200x800.jpg 1200w, https:\/\/www.mg-projects.at\/crossmedia\/wp-content\/uploads\/2017\/05\/170303_\u00a9mgp_FranziskaThomas_04.jpg 1280w\" sizes=\"(max-width: 780px) 100vw, 1200px\" \/><\/span><\/div><div class=\"fusion-clearfix\"><\/div><\/div><\/div><div class=\"fusion-layout-column fusion_builder_column fusion-builder-column-5 fusion_builder_column_1_1 1_1 fusion-one-full fusion-column-first fusion-column-last\" style=\"--awb-bg-size:cover;\"><div class=\"fusion-column-wrapper fusion-flex-column-wrapper-legacy\"><div class=\"fusion-image-element in-legacy-container\" style=\"--awb-caption-title-font-family:var(--h2_typography-font-family);--awb-caption-title-font-weight:var(--h2_typography-font-weight);--awb-caption-title-font-style:var(--h2_typography-font-style);--awb-caption-title-size:var(--h2_typography-font-size);--awb-caption-title-transform:var(--h2_typography-text-transform);--awb-caption-title-line-height:var(--h2_typography-line-height);--awb-caption-title-letter-spacing:var(--h2_typography-letter-spacing);\"><span class=\" fusion-imageframe imageframe-none imageframe-5 hover-type-none\"><img decoding=\"async\" width=\"1280\" height=\"853\" title=\"Hochzeit Franziska + Thomas, Tegernsee\" src=\"https:\/\/www.mg-projects.at\/crossmedia\/wp-content\/uploads\/2017\/05\/170303_\u00a9mgp_FranziskaThomas_05.jpg\" alt class=\"img-responsive wp-image-7683\" srcset=\"https:\/\/www.mg-projects.at\/crossmedia\/wp-content\/uploads\/2017\/05\/170303_\u00a9mgp_FranziskaThomas_05-200x133.jpg 200w, https:\/\/www.mg-projects.at\/crossmedia\/wp-content\/uploads\/2017\/05\/170303_\u00a9mgp_FranziskaThomas_05-400x267.jpg 400w, https:\/\/www.mg-projects.at\/crossmedia\/wp-content\/uploads\/2017\/05\/170303_\u00a9mgp_FranziskaThomas_05-600x400.jpg 600w, https:\/\/www.mg-projects.at\/crossmedia\/wp-content\/uploads\/2017\/05\/170303_\u00a9mgp_FranziskaThomas_05-800x533.jpg 800w, https:\/\/www.mg-projects.at\/crossmedia\/wp-content\/uploads\/2017\/05\/170303_\u00a9mgp_FranziskaThomas_05-1200x800.jpg 1200w, https:\/\/www.mg-projects.at\/crossmedia\/wp-content\/uploads\/2017\/05\/170303_\u00a9mgp_FranziskaThomas_05.jpg 1280w\" sizes=\"(max-width: 780px) 100vw, 1200px\" \/><\/span><\/div><div class=\"fusion-clearfix\"><\/div><\/div><\/div><div class=\"fusion-layout-column fusion_builder_column fusion-builder-column-6 fusion_builder_column_1_1 1_1 fusion-one-full fusion-column-first fusion-column-last\" style=\"--awb-bg-size:cover;\"><div class=\"fusion-column-wrapper fusion-flex-column-wrapper-legacy\"><div class=\"fusion-image-element in-legacy-container\" style=\"--awb-caption-title-font-family:var(--h2_typography-font-family);--awb-caption-title-font-weight:var(--h2_typography-font-weight);--awb-caption-title-font-style:var(--h2_typography-font-style);--awb-caption-title-size:var(--h2_typography-font-size);--awb-caption-title-transform:var(--h2_typography-text-transform);--awb-caption-title-line-height:var(--h2_typography-line-height);--awb-caption-title-letter-spacing:var(--h2_typography-letter-spacing);\"><span class=\" fusion-imageframe imageframe-none imageframe-6 hover-type-none\"><img decoding=\"async\" width=\"1280\" height=\"853\" title=\"Hochzeit Franziska + Thomas, Tegernsee\" src=\"https:\/\/www.mg-projects.at\/crossmedia\/wp-content\/uploads\/2017\/05\/170525_\u00a9mgp_FranziskaThomas_06.jpg\" alt class=\"img-responsive wp-image-7690\" srcset=\"https:\/\/www.mg-projects.at\/crossmedia\/wp-content\/uploads\/2017\/05\/170525_\u00a9mgp_FranziskaThomas_06-200x133.jpg 200w, https:\/\/www.mg-projects.at\/crossmedia\/wp-content\/uploads\/2017\/05\/170525_\u00a9mgp_FranziskaThomas_06-400x267.jpg 400w, https:\/\/www.mg-projects.at\/crossmedia\/wp-content\/uploads\/2017\/05\/170525_\u00a9mgp_FranziskaThomas_06-600x400.jpg 600w, https:\/\/www.mg-projects.at\/crossmedia\/wp-content\/uploads\/2017\/05\/170525_\u00a9mgp_FranziskaThomas_06-800x533.jpg 800w, https:\/\/www.mg-projects.at\/crossmedia\/wp-content\/uploads\/2017\/05\/170525_\u00a9mgp_FranziskaThomas_06-1200x800.jpg 1200w, https:\/\/www.mg-projects.at\/crossmedia\/wp-content\/uploads\/2017\/05\/170525_\u00a9mgp_FranziskaThomas_06.jpg 1280w\" sizes=\"(max-width: 780px) 100vw, 1200px\" \/><\/span><\/div><div class=\"fusion-clearfix\"><\/div><\/div><\/div><div class=\"fusion-layout-column fusion_builder_column fusion-builder-column-7 fusion_builder_column_1_1 1_1 fusion-one-full fusion-column-first fusion-column-last\" style=\"--awb-bg-size:cover;\"><div class=\"fusion-column-wrapper fusion-flex-column-wrapper-legacy\"><div class=\"fusion-image-element in-legacy-container\" style=\"--awb-caption-title-font-family:var(--h2_typography-font-family);--awb-caption-title-font-weight:var(--h2_typography-font-weight);--awb-caption-title-font-style:var(--h2_typography-font-style);--awb-caption-title-size:var(--h2_typography-font-size);--awb-caption-title-transform:var(--h2_typography-text-transform);--awb-caption-title-line-height:var(--h2_typography-line-height);--awb-caption-title-letter-spacing:var(--h2_typography-letter-spacing);\"><span class=\" fusion-imageframe imageframe-none imageframe-7 hover-type-none\"><img decoding=\"async\" width=\"1280\" height=\"853\" title=\"Hochzeit Franziska + Thomas, Tegernsee\" src=\"https:\/\/www.mg-projects.at\/crossmedia\/wp-content\/uploads\/2017\/05\/170303_\u00a9mgp_FranziskaThomas_07.jpg\" alt class=\"img-responsive wp-image-7684\" srcset=\"https:\/\/www.mg-projects.at\/crossmedia\/wp-content\/uploads\/2017\/05\/170303_\u00a9mgp_FranziskaThomas_07-200x133.jpg 200w, https:\/\/www.mg-projects.at\/crossmedia\/wp-content\/uploads\/2017\/05\/170303_\u00a9mgp_FranziskaThomas_07-400x267.jpg 400w, https:\/\/www.mg-projects.at\/crossmedia\/wp-content\/uploads\/2017\/05\/170303_\u00a9mgp_FranziskaThomas_07-600x400.jpg 600w, https:\/\/www.mg-projects.at\/crossmedia\/wp-content\/uploads\/2017\/05\/170303_\u00a9mgp_FranziskaThomas_07-800x533.jpg 800w, https:\/\/www.mg-projects.at\/crossmedia\/wp-content\/uploads\/2017\/05\/170303_\u00a9mgp_FranziskaThomas_07-1200x800.jpg 1200w, https:\/\/www.mg-projects.at\/crossmedia\/wp-content\/uploads\/2017\/05\/170303_\u00a9mgp_FranziskaThomas_07.jpg 1280w\" sizes=\"(max-width: 780px) 100vw, 1200px\" \/><\/span><\/div><div class=\"fusion-clearfix\"><\/div><\/div><\/div><div class=\"fusion-layout-column fusion_builder_column fusion-builder-column-8 fusion_builder_column_1_1 1_1 fusion-one-full fusion-column-first fusion-column-last\" style=\"--awb-bg-size:cover;\"><div class=\"fusion-column-wrapper fusion-flex-column-wrapper-legacy\"><div class=\"fusion-image-element in-legacy-container\" style=\"--awb-caption-title-font-family:var(--h2_typography-font-family);--awb-caption-title-font-weight:var(--h2_typography-font-weight);--awb-caption-title-font-style:var(--h2_typography-font-style);--awb-caption-title-size:var(--h2_typography-font-size);--awb-caption-title-transform:var(--h2_typography-text-transform);--awb-caption-title-line-height:var(--h2_typography-line-height);--awb-caption-title-letter-spacing:var(--h2_typography-letter-spacing);\"><span class=\" fusion-imageframe imageframe-none imageframe-8 hover-type-none\"><img decoding=\"async\" width=\"1280\" height=\"853\" title=\"Hochzeit Franziska + Thomas, Tegernsee\" src=\"https:\/\/www.mg-projects.at\/crossmedia\/wp-content\/uploads\/2017\/05\/170303_\u00a9mgp_FranziskaThomas_08.jpg\" alt class=\"img-responsive wp-image-7685\" srcset=\"https:\/\/www.mg-projects.at\/crossmedia\/wp-content\/uploads\/2017\/05\/170303_\u00a9mgp_FranziskaThomas_08-200x133.jpg 200w, https:\/\/www.mg-projects.at\/crossmedia\/wp-content\/uploads\/2017\/05\/170303_\u00a9mgp_FranziskaThomas_08-400x267.jpg 400w, https:\/\/www.mg-projects.at\/crossmedia\/wp-content\/uploads\/2017\/05\/170303_\u00a9mgp_FranziskaThomas_08-600x400.jpg 600w, https:\/\/www.mg-projects.at\/crossmedia\/wp-content\/uploads\/2017\/05\/170303_\u00a9mgp_FranziskaThomas_08-800x533.jpg 800w, https:\/\/www.mg-projects.at\/crossmedia\/wp-content\/uploads\/2017\/05\/170303_\u00a9mgp_FranziskaThomas_08-1200x800.jpg 1200w, https:\/\/www.mg-projects.at\/crossmedia\/wp-content\/uploads\/2017\/05\/170303_\u00a9mgp_FranziskaThomas_08.jpg 1280w\" sizes=\"(max-width: 780px) 100vw, 1200px\" \/><\/span><\/div><div class=\"fusion-clearfix\"><\/div><\/div><\/div><div class=\"fusion-layout-column fusion_builder_column fusion-builder-column-9 fusion_builder_column_1_1 1_1 fusion-one-full fusion-column-first fusion-column-last\" style=\"--awb-bg-size:cover;\"><div class=\"fusion-column-wrapper fusion-flex-column-wrapper-legacy\"><div class=\"fusion-image-element in-legacy-container\" style=\"--awb-caption-title-font-family:var(--h2_typography-font-family);--awb-caption-title-font-weight:var(--h2_typography-font-weight);--awb-caption-title-font-style:var(--h2_typography-font-style);--awb-caption-title-size:var(--h2_typography-font-size);--awb-caption-title-transform:var(--h2_typography-text-transform);--awb-caption-title-line-height:var(--h2_typography-line-height);--awb-caption-title-letter-spacing:var(--h2_typography-letter-spacing);\"><span class=\" fusion-imageframe imageframe-none imageframe-9 hover-type-none\"><img decoding=\"async\" width=\"1280\" height=\"853\" title=\"Hochzeit Franziska + Thomas, Tegernsee\" src=\"https:\/\/www.mg-projects.at\/crossmedia\/wp-content\/uploads\/2017\/05\/170525_\u00a9mgp_FranziskaThomas_09.jpg\" alt class=\"img-responsive wp-image-7691\" srcset=\"https:\/\/www.mg-projects.at\/crossmedia\/wp-content\/uploads\/2017\/05\/170525_\u00a9mgp_FranziskaThomas_09-200x133.jpg 200w, https:\/\/www.mg-projects.at\/crossmedia\/wp-content\/uploads\/2017\/05\/170525_\u00a9mgp_FranziskaThomas_09-400x267.jpg 400w, https:\/\/www.mg-projects.at\/crossmedia\/wp-content\/uploads\/2017\/05\/170525_\u00a9mgp_FranziskaThomas_09-600x400.jpg 600w, https:\/\/www.mg-projects.at\/crossmedia\/wp-content\/uploads\/2017\/05\/170525_\u00a9mgp_FranziskaThomas_09-800x533.jpg 800w, https:\/\/www.mg-projects.at\/crossmedia\/wp-content\/uploads\/2017\/05\/170525_\u00a9mgp_FranziskaThomas_09-1200x800.jpg 1200w, https:\/\/www.mg-projects.at\/crossmedia\/wp-content\/uploads\/2017\/05\/170525_\u00a9mgp_FranziskaThomas_09.jpg 1280w\" sizes=\"(max-width: 780px) 100vw, 1200px\" \/><\/span><\/div><div class=\"fusion-clearfix\"><\/div><\/div><\/div><div class=\"fusion-layout-column fusion_builder_column fusion-builder-column-10 fusion_builder_column_1_1 1_1 fusion-one-full fusion-column-first fusion-column-last\" style=\"--awb-bg-size:cover;\"><div class=\"fusion-column-wrapper fusion-flex-column-wrapper-legacy\"><div class=\"fusion-image-element in-legacy-container\" style=\"--awb-caption-title-font-family:var(--h2_typography-font-family);--awb-caption-title-font-weight:var(--h2_typography-font-weight);--awb-caption-title-font-style:var(--h2_typography-font-style);--awb-caption-title-size:var(--h2_typography-font-size);--awb-caption-title-transform:var(--h2_typography-text-transform);--awb-caption-title-line-height:var(--h2_typography-line-height);--awb-caption-title-letter-spacing:var(--h2_typography-letter-spacing);\"><span class=\" fusion-imageframe imageframe-none imageframe-10 hover-type-none\"><img decoding=\"async\" width=\"1280\" height=\"853\" title=\"Hochzeit Franziska + Thomas, Tegernsee\" src=\"https:\/\/www.mg-projects.at\/crossmedia\/wp-content\/uploads\/2017\/05\/170303_\u00a9mgp_FranziskaThomas_10.jpg\" alt class=\"img-responsive wp-image-7686\" srcset=\"https:\/\/www.mg-projects.at\/crossmedia\/wp-content\/uploads\/2017\/05\/170303_\u00a9mgp_FranziskaThomas_10-200x133.jpg 200w, https:\/\/www.mg-projects.at\/crossmedia\/wp-content\/uploads\/2017\/05\/170303_\u00a9mgp_FranziskaThomas_10-400x267.jpg 400w, https:\/\/www.mg-projects.at\/crossmedia\/wp-content\/uploads\/2017\/05\/170303_\u00a9mgp_FranziskaThomas_10-600x400.jpg 600w, https:\/\/www.mg-projects.at\/crossmedia\/wp-content\/uploads\/2017\/05\/170303_\u00a9mgp_FranziskaThomas_10-800x533.jpg 800w, https:\/\/www.mg-projects.at\/crossmedia\/wp-content\/uploads\/2017\/05\/170303_\u00a9mgp_FranziskaThomas_10-1200x800.jpg 1200w, https:\/\/www.mg-projects.at\/crossmedia\/wp-content\/uploads\/2017\/05\/170303_\u00a9mgp_FranziskaThomas_10.jpg 1280w\" sizes=\"(max-width: 780px) 100vw, 1200px\" \/><\/span><\/div><div class=\"fusion-clearfix\"><\/div><\/div><\/div><div class=\"fusion-layout-column fusion_builder_column fusion-builder-column-11 fusion_builder_column_1_1 1_1 fusion-one-full fusion-column-first fusion-column-last\" style=\"--awb-bg-size:cover;\"><div class=\"fusion-column-wrapper fusion-flex-column-wrapper-legacy\"><div class=\"fusion-image-element in-legacy-container\" style=\"--awb-caption-title-font-family:var(--h2_typography-font-family);--awb-caption-title-font-weight:var(--h2_typography-font-weight);--awb-caption-title-font-style:var(--h2_typography-font-style);--awb-caption-title-size:var(--h2_typography-font-size);--awb-caption-title-transform:var(--h2_typography-text-transform);--awb-caption-title-line-height:var(--h2_typography-line-height);--awb-caption-title-letter-spacing:var(--h2_typography-letter-spacing);\"><span class=\" fusion-imageframe imageframe-none imageframe-11 hover-type-none\"><img decoding=\"async\" width=\"1280\" height=\"853\" title=\"Hochzeit Franziska + Thomas, Tegernsee\" src=\"https:\/\/www.mg-projects.at\/crossmedia\/wp-content\/uploads\/2017\/05\/170303_\u00a9mgp_FranziskaThomas_12.jpg\" alt class=\"img-responsive wp-image-7687\" srcset=\"https:\/\/www.mg-projects.at\/crossmedia\/wp-content\/uploads\/2017\/05\/170303_\u00a9mgp_FranziskaThomas_12-200x133.jpg 200w, https:\/\/www.mg-projects.at\/crossmedia\/wp-content\/uploads\/2017\/05\/170303_\u00a9mgp_FranziskaThomas_12-400x267.jpg 400w, https:\/\/www.mg-projects.at\/crossmedia\/wp-content\/uploads\/2017\/05\/170303_\u00a9mgp_FranziskaThomas_12-600x400.jpg 600w, https:\/\/www.mg-projects.at\/crossmedia\/wp-content\/uploads\/2017\/05\/170303_\u00a9mgp_FranziskaThomas_12-800x533.jpg 800w, https:\/\/www.mg-projects.at\/crossmedia\/wp-content\/uploads\/2017\/05\/170303_\u00a9mgp_FranziskaThomas_12-1200x800.jpg 1200w, https:\/\/www.mg-projects.at\/crossmedia\/wp-content\/uploads\/2017\/05\/170303_\u00a9mgp_FranziskaThomas_12.jpg 1280w\" sizes=\"(max-width: 780px) 100vw, 1200px\" \/><\/span><\/div><div class=\"fusion-clearfix\"><\/div><\/div><\/div><div class=\"fusion-layout-column fusion_builder_column fusion-builder-column-12 fusion_builder_column_1_1 1_1 fusion-one-full fusion-column-first fusion-column-last\" style=\"--awb-bg-size:cover;\"><div class=\"fusion-column-wrapper fusion-flex-column-wrapper-legacy\"><div class=\"fusion-image-element in-legacy-container\" style=\"--awb-caption-title-font-family:var(--h2_typography-font-family);--awb-caption-title-font-weight:var(--h2_typography-font-weight);--awb-caption-title-font-style:var(--h2_typography-font-style);--awb-caption-title-size:var(--h2_typography-font-size);--awb-caption-title-transform:var(--h2_typography-text-transform);--awb-caption-title-line-height:var(--h2_typography-line-height);--awb-caption-title-letter-spacing:var(--h2_typography-letter-spacing);\"><span class=\" fusion-imageframe imageframe-none imageframe-12 hover-type-none\"><img decoding=\"async\" width=\"1280\" height=\"853\" title=\"Hochzeit Franziska + Thomas, Tegernsee\" src=\"https:\/\/www.mg-projects.at\/crossmedia\/wp-content\/uploads\/2017\/05\/170525_\u00a9mgp_FranziskaThomas_13.jpg\" alt class=\"img-responsive wp-image-7693\" srcset=\"https:\/\/www.mg-projects.at\/crossmedia\/wp-content\/uploads\/2017\/05\/170525_\u00a9mgp_FranziskaThomas_13-200x133.jpg 200w, https:\/\/www.mg-projects.at\/crossmedia\/wp-content\/uploads\/2017\/05\/170525_\u00a9mgp_FranziskaThomas_13-400x267.jpg 400w, https:\/\/www.mg-projects.at\/crossmedia\/wp-content\/uploads\/2017\/05\/170525_\u00a9mgp_FranziskaThomas_13-600x400.jpg 600w, https:\/\/www.mg-projects.at\/crossmedia\/wp-content\/uploads\/2017\/05\/170525_\u00a9mgp_FranziskaThomas_13-800x533.jpg 800w, https:\/\/www.mg-projects.at\/crossmedia\/wp-content\/uploads\/2017\/05\/170525_\u00a9mgp_FranziskaThomas_13-1200x800.jpg 1200w, https:\/\/www.mg-projects.at\/crossmedia\/wp-content\/uploads\/2017\/05\/170525_\u00a9mgp_FranziskaThomas_13.jpg 1280w\" sizes=\"(max-width: 780px) 100vw, 1200px\" \/><\/span><\/div><div class=\"fusion-clearfix\"><\/div><\/div><\/div><div class=\"fusion-layout-column fusion_builder_column fusion-builder-column-13 fusion_builder_column_1_1 1_1 fusion-one-full fusion-column-first fusion-column-last\" style=\"--awb-bg-size:cover;\"><div class=\"fusion-column-wrapper fusion-flex-column-wrapper-legacy\"><div class=\"fusion-image-element in-legacy-container\" style=\"--awb-caption-title-font-family:var(--h2_typography-font-family);--awb-caption-title-font-weight:var(--h2_typography-font-weight);--awb-caption-title-font-style:var(--h2_typography-font-style);--awb-caption-title-size:var(--h2_typography-font-size);--awb-caption-title-transform:var(--h2_typography-text-transform);--awb-caption-title-line-height:var(--h2_typography-line-height);--awb-caption-title-letter-spacing:var(--h2_typography-letter-spacing);\"><span class=\" fusion-imageframe imageframe-none imageframe-13 hover-type-none\"><img decoding=\"async\" width=\"1280\" height=\"853\" title=\"Hochzeit Franziska + Thomas, Tegernsee\" src=\"https:\/\/www.mg-projects.at\/crossmedia\/wp-content\/uploads\/2017\/05\/170525_\u00a9mgp_FranziskaThomas_11.jpg\" alt class=\"img-responsive wp-image-7692\" srcset=\"https:\/\/www.mg-projects.at\/crossmedia\/wp-content\/uploads\/2017\/05\/170525_\u00a9mgp_FranziskaThomas_11-200x133.jpg 200w, https:\/\/www.mg-projects.at\/crossmedia\/wp-content\/uploads\/2017\/05\/170525_\u00a9mgp_FranziskaThomas_11-400x267.jpg 400w, https:\/\/www.mg-projects.at\/crossmedia\/wp-content\/uploads\/2017\/05\/170525_\u00a9mgp_FranziskaThomas_11-600x400.jpg 600w, https:\/\/www.mg-projects.at\/crossmedia\/wp-content\/uploads\/2017\/05\/170525_\u00a9mgp_FranziskaThomas_11-800x533.jpg 800w, https:\/\/www.mg-projects.at\/crossmedia\/wp-content\/uploads\/2017\/05\/170525_\u00a9mgp_FranziskaThomas_11-1200x800.jpg 1200w, https:\/\/www.mg-projects.at\/crossmedia\/wp-content\/uploads\/2017\/05\/170525_\u00a9mgp_FranziskaThomas_11.jpg 1280w\" sizes=\"(max-width: 780px) 100vw, 1200px\" \/><\/span><\/div><div class=\"fusion-clearfix\"><\/div><\/div><\/div><\/div><\/div><\/p>\n","protected":false},"excerpt":{"rendered":"","protected":false},"author":1,"featured_media":7688,"comment_status":"closed","ping_status":"closed","sticky":false,"template":"","format":"standard","meta":{"footnotes":""},"categories":[6],"tags":[29],"class_list":["post-7694","post","type-post","status-publish","format-standard","has-post-thumbnail","hentry","category-fotografie","tag-hochzeiten-taufe-co"],"_links":{"self":[{"href":"https:\/\/www.mg-projects.at\/crossmedia\/wp-json\/wp\/v2\/posts\/7694","targetHints":{"allow":["GET"]}}],"collection":[{"href":"https:\/\/www.mg-projects.at\/crossmedia\/wp-json\/wp\/v2\/posts"}],"about":[{"href":"https:\/\/www.mg-projects.at\/crossmedia\/wp-json\/wp\/v2\/types\/post"}],"author":[{"embeddable":true,"href":"https:\/\/www.mg-projects.at\/crossmedia\/wp-json\/wp\/v2\/users\/1"}],"replies":[{"embeddable":true,"href":"https:\/\/www.mg-projects.at\/crossmedia\/wp-json\/wp\/v2\/comments?post=7694"}],"version-history":[{"count":10,"href":"https:\/\/www.mg-projects.at\/crossmedia\/wp-json\/wp\/v2\/posts\/7694\/revisions"}],"predecessor-version":[{"id":7729,"href":"https:\/\/www.mg-projects.at\/crossmedia\/wp-json\/wp\/v2\/posts\/7694\/revisions\/7729"}],"wp:featuredmedia":[{"embeddable":true,"href":"https:\/\/www.mg-projects.at\/crossmedia\/wp-json\/wp\/v2\/media\/7688"}],"wp:attachment":[{"href":"https:\/\/www.mg-projects.at\/crossmedia\/wp-json\/wp\/v2\/media?parent=7694"}],"wp:term":[{"taxonomy":"category","embeddable":true,"href":"https:\/\/www.mg-projects.at\/crossmedia\/wp-json\/wp\/v2\/categories?post=7694"},{"taxonomy":"post_tag","embeddable":true,"href":"https:\/\/www.mg-projects.at\/crossmedia\/wp-json\/wp\/v2\/tags?post=7694"}],"curies":[{"name":"wp","href":"https:\/\/api.w.org\/{rel}","templated":true}]}}